{"id":201,"count":1,"description":"","link":"http:\/\/mehterkiralama.net\/tr\/etiket\/afyonkarahisar-emirdag-mehter-kiralama","name":"AFYONKARAH\u0130SAR - EM\u0130RDA\u011e mehter kiralama","slug":"afyonkarahisar-emirdag-mehter-kiralama","taxonomy":"post_tag","meta":[],"_links":{"self":[{"href":"http:\/\/mehterkiralama.net\/tr\/wp-json\/wp\/v2\/tags\/201"}],"collection":[{"href":"http:\/\/mehterkiralama.net\/tr\/wp-json\/wp\/v2\/tags"}],"about":[{"href":"http:\/\/mehterkiralama.net\/tr\/wp-json\/wp\/v2\/taxonomies\/post_tag"}],"wp:post_type":[{"href":"http:\/\/mehterkiralama.net\/tr\/wp-json\/wp\/v2\/posts?tags=201"}],"curies":[{"name":"wp","href":"https:\/\/api.w.org\/{rel}","templated":true}]}}