{"id":2679,"count":1,"description":"","link":"http:\/\/mehterkiralama.net\/tr\/etiket\/izmir-foca-mehter-kiralama","name":"\u0130ZM\u0130R - FO\u00c7A mehter kiralama","slug":"izmir-foca-mehter-kiralama","taxonomy":"post_tag","meta":[],"_links":{"self":[{"href":"http:\/\/mehterkiralama.net\/tr\/wp-json\/wp\/v2\/tags\/2679"}],"collection":[{"href":"http:\/\/mehterkiralama.net\/tr\/wp-json\/wp\/v2\/tags"}],"about":[{"href":"http:\/\/mehterkiralama.net\/tr\/wp-json\/wp\/v2\/taxonomies\/post_tag"}],"wp:post_type":[{"href":"http:\/\/mehterkiralama.net\/tr\/wp-json\/wp\/v2\/posts?tags=2679"}],"curies":[{"name":"wp","href":"https:\/\/api.w.org\/{rel}","templated":true}]}}