{"id":5285,"count":1,"description":"","link":"http:\/\/mehterkiralama.net\/tr\/etiket\/kilis-elbeyli-mehter-kiralama","name":"K\u0130L\u0130S - ELBEYL\u0130 mehter kiralama","slug":"kilis-elbeyli-mehter-kiralama","taxonomy":"post_tag","meta":[],"_links":{"self":[{"href":"http:\/\/mehterkiralama.net\/tr\/wp-json\/wp\/v2\/tags\/5285"}],"collection":[{"href":"http:\/\/mehterkiralama.net\/tr\/wp-json\/wp\/v2\/tags"}],"about":[{"href":"http:\/\/mehterkiralama.net\/tr\/wp-json\/wp\/v2\/taxonomies\/post_tag"}],"wp:post_type":[{"href":"http:\/\/mehterkiralama.net\/tr\/wp-json\/wp\/v2\/posts?tags=5285"}],"curies":[{"name":"wp","href":"https:\/\/api.w.org\/{rel}","templated":true}]}}